{"id":5002,"date":"2023-04-17T13:30:19","date_gmt":"2023-04-17T11:30:19","guid":{"rendered":"https:\/\/hostelaguilas.com\/?p=5002"},"modified":"2024-01-10T18:12:27","modified_gmt":"2024-01-10T17:12:27","slug":"gala-anual-federacion-hostels-region-de-murcia","status":"publish","type":"post","link":"https:\/\/hostelaguilas.com\/de\/aktivitaten-murcia\/gala-annual-fhrm-2\/","title":{"rendered":"JAHRESGALA DES HERBERGSVERBANDS VON MURCIA"},"content":{"rendered":"<div data-elementor-type=\"wp-post\" data-elementor-id=\"5002\" class=\"elementor elementor-5002\">\n\t\t\t\t<div class=\"elementor-element elementor-element-38f5c5e e-flex e-con-boxed e-con e-parent\" data-id=\"38f5c5e\" data-element_type=\"container\" data-e-type=\"container\">\n\t\t\t\t\t<div class=\"e-con-inner\">\n\t\t\t\t<div class=\"elementor-element elementor-element-7e783feb elementor-widget elementor-widget-heading\" data-id=\"7e783feb\" data-element_type=\"widget\" data-e-type=\"widget\" data-widget_type=\"heading.default\">\n\t\t\t\t<div class=\"elementor-widget-container\">\n\t\t\t\t\t<h2 class=\"elementor-heading-title elementor-size-default\">Jahresgala des Herbergsverbands in Murcia<\/h2>\t\t\t\t<\/div>\n\t\t\t\t<\/div>\n\t\t\t\t<div class=\"elementor-element elementor-element-3aa2081d elementor-widget-divider--view-line elementor-widget elementor-widget-divider\" data-id=\"3aa2081d\" data-element_type=\"widget\" data-e-type=\"widget\" data-widget_type=\"divider.default\">\n\t\t\t\t<div class=\"elementor-widget-container\">\n\t\t\t\t\t\t\t<div class=\"elementor-divider\">\n\t\t\t<span class=\"elementor-divider-separator\">\n\t\t\t\t\t\t<\/span>\n\t\t<\/div>\n\t\t\t\t\t\t<\/div>\n\t\t\t\t<\/div>\n\t\t\t\t<div class=\"elementor-element elementor-element-98a403f elementor-widget elementor-widget-text-editor\" data-id=\"98a403f\" data-element_type=\"widget\" data-e-type=\"widget\" data-widget_type=\"text-editor.default\">\n\t\t\t\t<div class=\"elementor-widget-container\">\n\t\t\t\t\t\t\t\t\t<div class=\"x11i5rnm xat24cr x1mh8g0r x1vvkbs xdj266r x126k92a\">\n<div dir=\"auto\" style=\"text-align: center;\">Unglaubliche Nacht bei der ersten j\u00e4hrlichen Gala des Jugendherbergsverbands der Region Murcia!<span class=\"x3nfvp2 x1j61x8r x1fcty0u xdj266r xhhsvwb xat24cr xgzva0m xxymvpz xlup9mm x1kky2od\"><img decoding=\"async\" src=\"https:\/\/static.xx.fbcdn.net\/images\/emoji.php\/v9\/t51\/1\/16\/1f603.png\" alt=\"\ud83d\ude03\" width=\"16\" height=\"16\"><\/span><\/div>\n<div dir=\"auto\" style=\"text-align: center;\">&nbsp;<\/div>\n<div dir=\"auto\" style=\"text-align: center;\">Es war eine Ehre, gemeinsam mit allen Mitgliedern des Verbandes und den anwesenden G\u00e4sten diese erste Gala zu feiern und die unerm\u00fcdliche Arbeit aller in der Tourismusbranche anzuerkennen.<\/div>\n<div dir=\"auto\" style=\"text-align: center;\">&nbsp;<\/div>\n<\/div>\n<div class=\"x11i5rnm xat24cr x1mh8g0r x1vvkbs xtlvy1s x126k92a\" style=\"text-align: center;\">\n<div dir=\"auto\">Wir danken dem Stadtrat Marcos Ortu\u00f1o und dem Generaldirektor der Jugendabteilung Jose Manuel L\u00f3pez f\u00fcr ihre st\u00e4ndige Unterst\u00fctzung.<\/div>\n<div dir=\"auto\">&nbsp;<\/div>\n<\/div>\n<div class=\"x11i5rnm xat24cr x1mh8g0r x1vvkbs xtlvy1s x126k92a\" style=\"text-align: center;\">\n<div dir=\"auto\">Herzlichen Gl\u00fcckwunsch an alle Gewinner und Nominierten f\u00fcr ihr Engagement und ihren Einsatz bei der Arbeit in ihrem Sektor!<\/div>\n<div dir=\"auto\">&nbsp;<\/div>\n<\/div>\n<div class=\"x11i5rnm xat24cr x1mh8g0r x1vvkbs xtlvy1s x126k92a\">\n<div dir=\"auto\" style=\"text-align: center;\">Wir freuen uns schon auf die n\u00e4chste Ausgabe!<\/div>\n<div dir=\"auto\">&nbsp;<\/div>\n<\/div>\t\t\t\t\t\t\t\t<\/div>\n\t\t\t\t<\/div>\n\t\t\t\t<div class=\"elementor-element elementor-element-d76df30 elementor-widget elementor-widget-spacer\" data-id=\"d76df30\" data-element_type=\"widget\" data-e-type=\"widget\" data-widget_type=\"spacer.default\">\n\t\t\t\t<div class=\"elementor-widget-container\">\n\t\t\t\t\t\t\t<div class=\"elementor-spacer\">\n\t\t\t<div class=\"elementor-spacer-inner\"><\/div>\n\t\t<\/div>\n\t\t\t\t\t\t<\/div>\n\t\t\t\t<\/div>\n\t\t\t\t<div class=\"elementor-element elementor-element-c949463 elementor-widget elementor-widget-video\" data-id=\"c949463\" data-element_type=\"widget\" data-e-type=\"widget\" data-settings=\"{&quot;video_type&quot;:&quot;hosted&quot;,&quot;autoplay&quot;:&quot;yes&quot;,&quot;play_on_mobile&quot;:&quot;yes&quot;,&quot;loop&quot;:&quot;yes&quot;,&quot;controls&quot;:&quot;yes&quot;}\" data-widget_type=\"video.default\">\n\t\t\t\t<div class=\"elementor-widget-container\">\n\t\t\t\t\t\t\t<div class=\"e-hosted-video elementor-wrapper elementor-open-inline\">\n\t\t\t\t\t<video class=\"elementor-video\" src=\"https:\/\/hostelaguilas.com\/wp-content\/uploads\/2022\/09\/Gala-anual-Federacion-de-Hostels-Region-de-Murcia.mp4\" autoplay=\"\" loop=\"\" controls=\"\" playsinline=\"\" controlslist=\"nodownload\"><\/video>\n\t\t\t\t<\/div>\n\t\t\t\t\t\t<\/div>\n\t\t\t\t<\/div>\n\t\t\t\t\t<\/div>\n\t\t\t\t<\/div>\n\t\t<div class=\"elementor-element elementor-element-4765b84 e-flex e-con-boxed e-con e-parent\" data-id=\"4765b84\" data-element_type=\"container\" data-e-type=\"container\">\n\t\t\t\t\t<div class=\"e-con-inner\">\n\t\t\t\t<div class=\"elementor-element elementor-element-ab8ed2f elementor-widget elementor-widget-spacer\" data-id=\"ab8ed2f\" data-element_type=\"widget\" data-e-type=\"widget\" data-widget_type=\"spacer.default\">\n\t\t\t\t<div class=\"elementor-widget-container\">\n\t\t\t\t\t\t\t<div class=\"elementor-spacer\">\n\t\t\t<div class=\"elementor-spacer-inner\"><\/div>\n\t\t<\/div>\n\t\t\t\t\t\t<\/div>\n\t\t\t\t<\/div>\n\t\t\t\t\t<\/div>\n\t\t\t\t<\/div>\n\t\t<div class=\"elementor-element elementor-element-cf86b13 e-flex e-con-boxed e-con e-parent\" data-id=\"cf86b13\" data-element_type=\"container\" data-e-type=\"container\">\n\t\t\t\t\t<div class=\"e-con-inner\">\n\t\t\t\t<div class=\"elementor-element elementor-element-c44be7d elementor-widget-divider--view-line elementor-widget elementor-widget-divider\" data-id=\"c44be7d\" data-element_type=\"widget\" data-e-type=\"widget\" data-widget_type=\"divider.default\">\n\t\t\t\t<div class=\"elementor-widget-container\">\n\t\t\t\t\t\t\t<div class=\"elementor-divider\">\n\t\t\t<span class=\"elementor-divider-separator\">\n\t\t\t\t\t\t<\/span>\n\t\t<\/div>\n\t\t\t\t\t\t<\/div>\n\t\t\t\t<\/div>\n\t\t\t\t<div class=\"elementor-element elementor-element-ad51ed4 elementor-grid-4 elementor-grid-tablet-2 elementor-grid-mobile-1 elementor-posts--thumbnail-top elementor-widget elementor-widget-posts\" data-id=\"ad51ed4\" data-element_type=\"widget\" data-e-type=\"widget\" data-settings=\"{&quot;classic_columns&quot;:&quot;4&quot;,&quot;classic_columns_tablet&quot;:&quot;2&quot;,&quot;classic_columns_mobile&quot;:&quot;1&quot;,&quot;classic_row_gap&quot;:{&quot;unit&quot;:&quot;px&quot;,&quot;size&quot;:35,&quot;sizes&quot;:[]},&quot;classic_row_gap_tablet&quot;:{&quot;unit&quot;:&quot;px&quot;,&quot;size&quot;:&quot;&quot;,&quot;sizes&quot;:[]},&quot;classic_row_gap_mobile&quot;:{&quot;unit&quot;:&quot;px&quot;,&quot;size&quot;:&quot;&quot;,&quot;sizes&quot;:[]}}\" data-widget_type=\"posts.classic\">\n\t\t\t\t<div class=\"elementor-widget-container\">\n\t\t\t\t\t\t\t<div class=\"elementor-posts-container elementor-posts elementor-posts--skin-classic elementor-grid\">\n\t\t\t\t<article class=\"elementor-post elementor-grid-item post-8351 post type-post status-publish format-standard has-post-thumbnail hentry category-guias-e-informacion\">\n\t\t\t\t<a class=\"elementor-post__thumbnail__link\" href=\"https:\/\/hostelaguilas.com\/de\/leitfaden-und-informationen\/rutas-senderismo-aguilas-calabardina\/\" >\n\t\t\t<div class=\"elementor-post__thumbnail\"><img fetchpriority=\"high\" decoding=\"async\" width=\"2560\" height=\"1024\" src=\"https:\/\/hostelaguilas.com\/wp-content\/uploads\/2026\/03\/female-ponta-da-piedade-scenic-spot-portugal-scaled-e1772700234915.jpg\" class=\"attachment-medium size-medium wp-image-8362\" alt=\"\" srcset=\"https:\/\/hostelaguilas.com\/wp-content\/uploads\/2026\/03\/female-ponta-da-piedade-scenic-spot-portugal-scaled-e1772700234915.jpg 2560w, https:\/\/hostelaguilas.com\/wp-content\/uploads\/2026\/03\/female-ponta-da-piedade-scenic-spot-portugal-scaled-e1772700234915-875x350.jpg 875w, https:\/\/hostelaguilas.com\/wp-content\/uploads\/2026\/03\/female-ponta-da-piedade-scenic-spot-portugal-scaled-e1772700234915-768x307.jpg 768w, https:\/\/hostelaguilas.com\/wp-content\/uploads\/2026\/03\/female-ponta-da-piedade-scenic-spot-portugal-scaled-e1772700234915-1536x614.jpg 1536w, https:\/\/hostelaguilas.com\/wp-content\/uploads\/2026\/03\/female-ponta-da-piedade-scenic-spot-portugal-scaled-e1772700234915-2048x819.jpg 2048w, https:\/\/hostelaguilas.com\/wp-content\/uploads\/2026\/03\/female-ponta-da-piedade-scenic-spot-portugal-scaled-e1772700234915-18x7.jpg 18w\" sizes=\"(max-width: 2560px) 100vw, 2560px\" \/><\/div>\n\t\t<\/a>\n\t\t\t\t<div class=\"elementor-post__text\">\n\t\t\t\t<h3 class=\"elementor-post__title\">\n\t\t\t<a href=\"https:\/\/hostelaguilas.com\/de\/leitfaden-und-informationen\/rutas-senderismo-aguilas-calabardina\/\" >\n\t\t\t\tLas mejores rutas de senderismo en \u00c1guilas y Calabardina (con vistas incre\u00edbles)\t\t\t<\/a>\n\t\t<\/h3>\n\t\t\t\t<div class=\"elementor-post__meta-data\">\n\t\t\t\t\t<span class=\"elementor-post-date\">\n\t\t\tApril 1, 2026\t\t<\/span>\n\t\t\t\t<\/div>\n\t\t\n\t\t<a class=\"elementor-post__read-more\" href=\"https:\/\/hostelaguilas.com\/de\/leitfaden-und-informationen\/rutas-senderismo-aguilas-calabardina\/\" >\n\t\t\tMehr lesen \"\t\t<\/a>\n\n\t\t\t\t<\/div>\n\t\t\t\t<\/article>\n\t\t\t\t<article class=\"elementor-post elementor-grid-item post-8335 post type-post status-publish format-standard has-post-thumbnail hentry category-actividades-murcia\">\n\t\t\t\t<a class=\"elementor-post__thumbnail__link\" href=\"https:\/\/hostelaguilas.com\/de\/aktivitaten-murcia\/que-hacer-en-aguilas-murcia-en-invierno-planes-tranquilos-junto-al-mar\/\" >\n\t\t\t<div class=\"elementor-post__thumbnail\"><img decoding=\"async\" width=\"2560\" height=\"862\" src=\"https:\/\/hostelaguilas.com\/wp-content\/uploads\/2026\/03\/IMG_5406-scaled-e1772710842274.jpeg\" class=\"attachment-medium size-medium wp-image-8336\" alt=\"\" srcset=\"https:\/\/hostelaguilas.com\/wp-content\/uploads\/2026\/03\/IMG_5406-scaled-e1772710842274.jpeg 2560w, https:\/\/hostelaguilas.com\/wp-content\/uploads\/2026\/03\/IMG_5406-scaled-e1772710842274-1024x345.jpeg 1024w, https:\/\/hostelaguilas.com\/wp-content\/uploads\/2026\/03\/IMG_5406-scaled-e1772710842274-768x259.jpeg 768w, https:\/\/hostelaguilas.com\/wp-content\/uploads\/2026\/03\/IMG_5406-scaled-e1772710842274-1536x517.jpeg 1536w, https:\/\/hostelaguilas.com\/wp-content\/uploads\/2026\/03\/IMG_5406-scaled-e1772710842274-2048x690.jpeg 2048w, https:\/\/hostelaguilas.com\/wp-content\/uploads\/2026\/03\/IMG_5406-scaled-e1772710842274-18x6.jpeg 18w\" sizes=\"(max-width: 2560px) 100vw, 2560px\" \/><\/div>\n\t\t<\/a>\n\t\t\t\t<div class=\"elementor-post__text\">\n\t\t\t\t<h3 class=\"elementor-post__title\">\n\t\t\t<a href=\"https:\/\/hostelaguilas.com\/de\/aktivitaten-murcia\/que-hacer-en-aguilas-murcia-en-invierno-planes-tranquilos-junto-al-mar\/\" >\n\t\t\t\tQu\u00e9 hacer en \u00c1guilas (Murcia) en invierno: planes tranquilos junto al mar\t\t\t<\/a>\n\t\t<\/h3>\n\t\t\t\t<div class=\"elementor-post__meta-data\">\n\t\t\t\t\t<span class=\"elementor-post-date\">\n\t\t\tM\u00e4rz 4, 2026\t\t<\/span>\n\t\t\t\t<\/div>\n\t\t\n\t\t<a class=\"elementor-post__read-more\" href=\"https:\/\/hostelaguilas.com\/de\/aktivitaten-murcia\/que-hacer-en-aguilas-murcia-en-invierno-planes-tranquilos-junto-al-mar\/\" >\n\t\t\tMehr lesen \"\t\t<\/a>\n\n\t\t\t\t<\/div>\n\t\t\t\t<\/article>\n\t\t\t\t<article class=\"elementor-post elementor-grid-item post-8246 post type-post status-publish format-standard has-post-thumbnail hentry category-actividades-murcia\">\n\t\t\t\t<a class=\"elementor-post__thumbnail__link\" href=\"https:\/\/hostelaguilas.com\/de\/aktivitaten-murcia\/alojamiento-grupos-escolares-deportivos\/\" >\n\t\t\t<div class=\"elementor-post__thumbnail\"><img loading=\"lazy\" decoding=\"async\" width=\"2560\" height=\"742\" src=\"https:\/\/hostelaguilas.com\/wp-content\/uploads\/2026\/02\/43678_Hostel-Aguilas_AK_PB-01-1-scaled-e1771451373919.jpg\" class=\"attachment-medium size-medium wp-image-8248\" alt=\"\" srcset=\"https:\/\/hostelaguilas.com\/wp-content\/uploads\/2026\/02\/43678_Hostel-Aguilas_AK_PB-01-1-scaled-e1771451373919.jpg 2560w, https:\/\/hostelaguilas.com\/wp-content\/uploads\/2026\/02\/43678_Hostel-Aguilas_AK_PB-01-1-scaled-e1771451373919-1024x297.jpg 1024w, https:\/\/hostelaguilas.com\/wp-content\/uploads\/2026\/02\/43678_Hostel-Aguilas_AK_PB-01-1-scaled-e1771451373919-768x223.jpg 768w, https:\/\/hostelaguilas.com\/wp-content\/uploads\/2026\/02\/43678_Hostel-Aguilas_AK_PB-01-1-scaled-e1771451373919-1536x445.jpg 1536w, https:\/\/hostelaguilas.com\/wp-content\/uploads\/2026\/02\/43678_Hostel-Aguilas_AK_PB-01-1-scaled-e1771451373919-2048x594.jpg 2048w, https:\/\/hostelaguilas.com\/wp-content\/uploads\/2026\/02\/43678_Hostel-Aguilas_AK_PB-01-1-scaled-e1771451373919-18x5.jpg 18w\" sizes=\"(max-width: 2560px) 100vw, 2560px\" \/><\/div>\n\t\t<\/a>\n\t\t\t\t<div class=\"elementor-post__text\">\n\t\t\t\t<h3 class=\"elementor-post__title\">\n\t\t\t<a href=\"https:\/\/hostelaguilas.com\/de\/aktivitaten-murcia\/alojamiento-grupos-escolares-deportivos\/\" >\n\t\t\t\tAlojamiento para grupos escolares, deportivos y asociaciones: as\u00ed mejoramos cada estancia\t\t\t<\/a>\n\t\t<\/h3>\n\t\t\t\t<div class=\"elementor-post__meta-data\">\n\t\t\t\t\t<span class=\"elementor-post-date\">\n\t\t\tFebruar 18, 2026\t\t<\/span>\n\t\t\t\t<\/div>\n\t\t\n\t\t<a class=\"elementor-post__read-more\" href=\"https:\/\/hostelaguilas.com\/de\/aktivitaten-murcia\/alojamiento-grupos-escolares-deportivos\/\" >\n\t\t\tMehr lesen \"\t\t<\/a>\n\n\t\t\t\t<\/div>\n\t\t\t\t<\/article>\n\t\t\t\t<article class=\"elementor-post elementor-grid-item post-8197 post type-post status-publish format-standard has-post-thumbnail hentry category-actividades-murcia\">\n\t\t\t\t<a class=\"elementor-post__thumbnail__link\" href=\"https:\/\/hostelaguilas.com\/de\/aktivitaten-murcia\/carnaval-aguilas-2026\/\" >\n\t\t\t<div class=\"elementor-post__thumbnail\"><img loading=\"lazy\" decoding=\"async\" width=\"1400\" height=\"593\" src=\"https:\/\/hostelaguilas.com\/wp-content\/uploads\/2026\/02\/ZnBBTmF2dUY2R0twVkllNG55Yy9lZks3bHNTNWdZMXk5MXIxKy9oSHI4RT01400x788-c-e1770801622949.jpg\" class=\"attachment-medium size-medium wp-image-8200\" alt=\"\" srcset=\"https:\/\/hostelaguilas.com\/wp-content\/uploads\/2026\/02\/ZnBBTmF2dUY2R0twVkllNG55Yy9lZks3bHNTNWdZMXk5MXIxKy9oSHI4RT01400x788-c-e1770801622949.jpg 1400w, https:\/\/hostelaguilas.com\/wp-content\/uploads\/2026\/02\/ZnBBTmF2dUY2R0twVkllNG55Yy9lZks3bHNTNWdZMXk5MXIxKy9oSHI4RT01400x788-c-e1770801622949-826x350.jpg 826w, https:\/\/hostelaguilas.com\/wp-content\/uploads\/2026\/02\/ZnBBTmF2dUY2R0twVkllNG55Yy9lZks3bHNTNWdZMXk5MXIxKy9oSHI4RT01400x788-c-e1770801622949-768x325.jpg 768w, https:\/\/hostelaguilas.com\/wp-content\/uploads\/2026\/02\/ZnBBTmF2dUY2R0twVkllNG55Yy9lZks3bHNTNWdZMXk5MXIxKy9oSHI4RT01400x788-c-e1770801622949-18x8.jpg 18w\" sizes=\"(max-width: 1400px) 100vw, 1400px\" \/><\/div>\n\t\t<\/a>\n\t\t\t\t<div class=\"elementor-post__text\">\n\t\t\t\t<h3 class=\"elementor-post__title\">\n\t\t\t<a href=\"https:\/\/hostelaguilas.com\/de\/aktivitaten-murcia\/carnaval-aguilas-2026\/\" >\n\t\t\t\t\ud83c\udfad Carnaval de \u00c1guilas 2026: Vive la Fiesta desde Nuestro Hostel Isla del Fraile\t\t\t<\/a>\n\t\t<\/h3>\n\t\t\t\t<div class=\"elementor-post__meta-data\">\n\t\t\t\t\t<span class=\"elementor-post-date\">\n\t\t\tFebruar 11, 2026\t\t<\/span>\n\t\t\t\t<\/div>\n\t\t\n\t\t<a class=\"elementor-post__read-more\" href=\"https:\/\/hostelaguilas.com\/de\/aktivitaten-murcia\/carnaval-aguilas-2026\/\" >\n\t\t\tMehr lesen \"\t\t<\/a>\n\n\t\t\t\t<\/div>\n\t\t\t\t<\/article>\n\t\t\t\t<article class=\"elementor-post elementor-grid-item post-8069 post type-post status-publish format-standard has-post-thumbnail hentry category-campamentos\">\n\t\t\t\t<a class=\"elementor-post__thumbnail__link\" href=\"https:\/\/hostelaguilas.com\/de\/lager\/campamento-verano-ingles-aguilas-murcia-julio-2026\/\" >\n\t\t\t<div class=\"elementor-post__thumbnail\"><img loading=\"lazy\" decoding=\"async\" width=\"2560\" height=\"1212\" src=\"https:\/\/hostelaguilas.com\/wp-content\/uploads\/2026\/01\/8-scaled-e1769092832990.jpg\" class=\"attachment-medium size-medium wp-image-8073\" alt=\"\" srcset=\"https:\/\/hostelaguilas.com\/wp-content\/uploads\/2026\/01\/8-scaled-e1769092832990.jpg 2560w, https:\/\/hostelaguilas.com\/wp-content\/uploads\/2026\/01\/8-scaled-e1769092832990-739x350.jpg 739w, https:\/\/hostelaguilas.com\/wp-content\/uploads\/2026\/01\/8-scaled-e1769092832990-768x364.jpg 768w, https:\/\/hostelaguilas.com\/wp-content\/uploads\/2026\/01\/8-scaled-e1769092832990-1536x727.jpg 1536w, https:\/\/hostelaguilas.com\/wp-content\/uploads\/2026\/01\/8-scaled-e1769092832990-2048x970.jpg 2048w, https:\/\/hostelaguilas.com\/wp-content\/uploads\/2026\/01\/8-scaled-e1769092832990-18x9.jpg 18w\" sizes=\"(max-width: 2560px) 100vw, 2560px\" \/><\/div>\n\t\t<\/a>\n\t\t\t\t<div class=\"elementor-post__text\">\n\t\t\t\t<h3 class=\"elementor-post__title\">\n\t\t\t<a href=\"https:\/\/hostelaguilas.com\/de\/lager\/campamento-verano-ingles-aguilas-murcia-julio-2026\/\" >\n\t\t\t\tCampamento de Verano en Ingl\u00e9s en \u00c1guilas (Murcia) | Julio 2026\t\t\t<\/a>\n\t\t<\/h3>\n\t\t\t\t<div class=\"elementor-post__meta-data\">\n\t\t\t\t\t<span class=\"elementor-post-date\">\n\t\t\tJanuar 22, 2026\t\t<\/span>\n\t\t\t\t<\/div>\n\t\t\n\t\t<a class=\"elementor-post__read-more\" href=\"https:\/\/hostelaguilas.com\/de\/lager\/campamento-verano-ingles-aguilas-murcia-julio-2026\/\" >\n\t\t\tMehr lesen \"\t\t<\/a>\n\n\t\t\t\t<\/div>\n\t\t\t\t<\/article>\n\t\t\t\t<article class=\"elementor-post elementor-grid-item post-7992 post type-post status-publish format-standard has-post-thumbnail hentry category-campamentos category-grupos\">\n\t\t\t\t<a class=\"elementor-post__thumbnail__link\" href=\"https:\/\/hostelaguilas.com\/de\/campamentos\/viaja-en-grupo-aguilas\/\" >\n\t\t\t<div class=\"elementor-post__thumbnail\"><img loading=\"lazy\" decoding=\"async\" width=\"2560\" height=\"866\" src=\"https:\/\/hostelaguilas.com\/wp-content\/uploads\/2026\/01\/young-smiling-people-taking-selfie-scaled-e1768384756445.jpg\" class=\"attachment-medium size-medium wp-image-7996\" alt=\"\" srcset=\"https:\/\/hostelaguilas.com\/wp-content\/uploads\/2026\/01\/young-smiling-people-taking-selfie-scaled-e1768384756445.jpg 2560w, https:\/\/hostelaguilas.com\/wp-content\/uploads\/2026\/01\/young-smiling-people-taking-selfie-scaled-e1768384756445-1024x346.jpg 1024w, https:\/\/hostelaguilas.com\/wp-content\/uploads\/2026\/01\/young-smiling-people-taking-selfie-scaled-e1768384756445-768x260.jpg 768w, https:\/\/hostelaguilas.com\/wp-content\/uploads\/2026\/01\/young-smiling-people-taking-selfie-scaled-e1768384756445-1536x520.jpg 1536w, https:\/\/hostelaguilas.com\/wp-content\/uploads\/2026\/01\/young-smiling-people-taking-selfie-scaled-e1768384756445-2048x693.jpg 2048w, https:\/\/hostelaguilas.com\/wp-content\/uploads\/2026\/01\/young-smiling-people-taking-selfie-scaled-e1768384756445-18x6.jpg 18w\" sizes=\"(max-width: 2560px) 100vw, 2560px\" \/><\/div>\n\t\t<\/a>\n\t\t\t\t<div class=\"elementor-post__text\">\n\t\t\t\t<h3 class=\"elementor-post__title\">\n\t\t\t<a href=\"https:\/\/hostelaguilas.com\/de\/campamentos\/viaja-en-grupo-aguilas\/\" >\n\t\t\t\tViaja en grupo a \u00c1guilas desde 19,99 \u20ac en Hostel Isla del Fraile\t\t\t<\/a>\n\t\t<\/h3>\n\t\t\t\t<div class=\"elementor-post__meta-data\">\n\t\t\t\t\t<span class=\"elementor-post-date\">\n\t\t\tJanuar 14, 2026\t\t<\/span>\n\t\t\t\t<\/div>\n\t\t\n\t\t<a class=\"elementor-post__read-more\" href=\"https:\/\/hostelaguilas.com\/de\/campamentos\/viaja-en-grupo-aguilas\/\" >\n\t\t\tMehr lesen \"\t\t<\/a>\n\n\t\t\t\t<\/div>\n\t\t\t\t<\/article>\n\t\t\t\t<article class=\"elementor-post elementor-grid-item post-7696 post type-post status-publish format-standard has-post-thumbnail hentry category-actividades-murcia category-guias-e-informacion\">\n\t\t\t\t<a class=\"elementor-post__thumbnail__link\" href=\"https:\/\/hostelaguilas.com\/de\/aktivitaten-murcia\/descubre-aguilas\/\" >\n\t\t\t<div class=\"elementor-post__thumbnail\"><img loading=\"lazy\" decoding=\"async\" width=\"800\" height=\"440\" src=\"https:\/\/hostelaguilas.com\/wp-content\/uploads\/2024\/11\/aguilas-murcia-espana-800x440-1.jpg\" class=\"attachment-medium size-medium wp-image-7698\" alt=\"\" srcset=\"https:\/\/hostelaguilas.com\/wp-content\/uploads\/2024\/11\/aguilas-murcia-espana-800x440-1.jpg 800w, https:\/\/hostelaguilas.com\/wp-content\/uploads\/2024\/11\/aguilas-murcia-espana-800x440-1-636x350.jpg 636w, https:\/\/hostelaguilas.com\/wp-content\/uploads\/2024\/11\/aguilas-murcia-espana-800x440-1-768x422.jpg 768w, https:\/\/hostelaguilas.com\/wp-content\/uploads\/2024\/11\/aguilas-murcia-espana-800x440-1-18x10.jpg 18w\" sizes=\"(max-width: 800px) 100vw, 800px\" \/><\/div>\n\t\t<\/a>\n\t\t\t\t<div class=\"elementor-post__text\">\n\t\t\t\t<h3 class=\"elementor-post__title\">\n\t\t\t<a href=\"https:\/\/hostelaguilas.com\/de\/aktivitaten-murcia\/descubre-aguilas\/\" >\n\t\t\t\tADLER ENTDECKEN\t\t\t<\/a>\n\t\t<\/h3>\n\t\t\t\t<div class=\"elementor-post__meta-data\">\n\t\t\t\t\t<span class=\"elementor-post-date\">\n\t\t\t1. Mai 2025\t\t<\/span>\n\t\t\t\t<\/div>\n\t\t\n\t\t<a class=\"elementor-post__read-more\" href=\"https:\/\/hostelaguilas.com\/de\/aktivitaten-murcia\/descubre-aguilas\/\" >\n\t\t\tMehr lesen \"\t\t<\/a>\n\n\t\t\t\t<\/div>\n\t\t\t\t<\/article>\n\t\t\t\t<article class=\"elementor-post elementor-grid-item post-7688 post type-post status-publish format-standard has-post-thumbnail hentry category-actividades-murcia category-guias-e-informacion\">\n\t\t\t\t<a class=\"elementor-post__thumbnail__link\" href=\"https:\/\/hostelaguilas.com\/de\/aktivitaten-murcia\/descubre-los-lugares-imprescindibles-de-aguilas\/\" >\n\t\t\t<div class=\"elementor-post__thumbnail\"><img loading=\"lazy\" decoding=\"async\" width=\"1024\" height=\"683\" src=\"https:\/\/hostelaguilas.com\/wp-content\/uploads\/2025\/04\/isla-del-fraile-en-aguilas-1-1-1024x683-1.jpg\" class=\"attachment-medium size-medium wp-image-7692\" alt=\"\" srcset=\"https:\/\/hostelaguilas.com\/wp-content\/uploads\/2025\/04\/isla-del-fraile-en-aguilas-1-1-1024x683-1.jpg 1024w, https:\/\/hostelaguilas.com\/wp-content\/uploads\/2025\/04\/isla-del-fraile-en-aguilas-1-1-1024x683-1-525x350.jpg 525w, https:\/\/hostelaguilas.com\/wp-content\/uploads\/2025\/04\/isla-del-fraile-en-aguilas-1-1-1024x683-1-300x200.jpg 300w, https:\/\/hostelaguilas.com\/wp-content\/uploads\/2025\/04\/isla-del-fraile-en-aguilas-1-1-1024x683-1-768x512.jpg 768w, https:\/\/hostelaguilas.com\/wp-content\/uploads\/2025\/04\/isla-del-fraile-en-aguilas-1-1-1024x683-1-18x12.jpg 18w\" sizes=\"(max-width: 1024px) 100vw, 1024px\" \/><\/div>\n\t\t<\/a>\n\t\t\t\t<div class=\"elementor-post__text\">\n\t\t\t\t<h3 class=\"elementor-post__title\">\n\t\t\t<a href=\"https:\/\/hostelaguilas.com\/de\/aktivitaten-murcia\/descubre-los-lugares-imprescindibles-de-aguilas\/\" >\n\t\t\t\tENTDECKE DIE SEHENSWERTEN ORTE IN \u00c1GUILAS\t\t\t<\/a>\n\t\t<\/h3>\n\t\t\t\t<div class=\"elementor-post__meta-data\">\n\t\t\t\t\t<span class=\"elementor-post-date\">\n\t\t\t1. April 2025\t\t<\/span>\n\t\t\t\t<\/div>\n\t\t\n\t\t<a class=\"elementor-post__read-more\" href=\"https:\/\/hostelaguilas.com\/de\/aktivitaten-murcia\/descubre-los-lugares-imprescindibles-de-aguilas\/\" >\n\t\t\tMehr lesen \"\t\t<\/a>\n\n\t\t\t\t<\/div>\n\t\t\t\t<\/article>\n\t\t\t\t<\/div>\n\t\t\n\t\t\t\t\t\t<\/div>\n\t\t\t\t<\/div>\n\t\t\t\t\t<\/div>\n\t\t\t\t<\/div>\n\t\t\t\t<\/div>","protected":false},"excerpt":{"rendered":"gala anual federaci\u00f3n hostels murcia \u00a1Incre\u00edble noche en la primera gala anual de la Federaci\u00f3n de Hostels de la Regi\u00f3n de Murcia! &nbsp; Fue un","protected":false},"author":1,"featured_media":5004,"comment_status":"open","ping_status":"closed","sticky":true,"template":"","format":"standard","meta":{"footnotes":""},"categories":[1],"tags":[],"class_list":["post-5002","post","type-post","status-publish","format-standard","has-post-thumbnail","hentry","category-actividades-murcia"],"yoast_head":"<!-- This site is optimized with the Yoast SEO Premium plugin v18.1 (Yoast SEO v27.4) - https:\/\/yoast.com\/product\/yoast-seo-premium-wordpress\/ -->\n<title>Gala Anual Federaci\u00f3n Hostels Regi\u00f3n de Murcia - \u00a1INF\u00d3RMATE!<\/title>\n<meta name=\"description\" content=\"\u00a1Incre\u00edble noche en la primera gala anual de la Federaci\u00f3n de Hostels de la Regi\u00f3n de Murcia! Fue un honor celebrar junto a todos los miembros de la federaci\u00f3n e invitados al evento esta primera gala y reconocer el trabajo incansable de todos en el sector tur\u00edstico.\" \/>\n<meta name=\"robots\" content=\"index, follow, max-snippet:-1, max-image-preview:large, max-video-preview:-1\" \/>\n<link rel=\"canonical\" href=\"https:\/\/hostelaguilas.com\/de\/aktivitaten-murcia\/gala-annual-fhrm-2\/\" \/>\n<meta property=\"og:locale\" content=\"de_DE\" \/>\n<meta property=\"og:type\" content=\"article\" \/>\n<meta property=\"og:title\" content=\"GALA ANUAL FEDERACI\u00d3N HOSTELS DE MURCIA\" \/>\n<meta property=\"og:description\" content=\"\u00a1Incre\u00edble noche en la primera gala anual de la Federaci\u00f3n de Hostels de la Regi\u00f3n de Murcia! Fue un honor celebrar junto a todos los miembros de la federaci\u00f3n e invitados al evento esta primera gala y reconocer el trabajo incansable de todos en el sector tur\u00edstico.\" \/>\n<meta property=\"og:url\" content=\"https:\/\/hostelaguilas.com\/de\/aktivitaten-murcia\/gala-annual-fhrm-2\/\" \/>\n<meta property=\"og:site_name\" content=\"HOSTEL \u00c1guilas - ISLA DEL FRAILE - Resort - Alojamiento Grupos\" \/>\n<meta property=\"article:published_time\" content=\"2023-04-17T11:30:19+00:00\" \/>\n<meta property=\"article:modified_time\" content=\"2024-01-10T17:12:27+00:00\" \/>\n<meta property=\"og:image\" content=\"https:\/\/hostelaguilas.com\/wp-content\/uploads\/2023\/04\/341759908_997432618117726_6096508783265767636_n.jpg\" \/>\n\t<meta property=\"og:image:width\" content=\"1024\" \/>\n\t<meta property=\"og:image:height\" content=\"576\" \/>\n\t<meta property=\"og:image:type\" content=\"image\/jpeg\" \/>\n<meta name=\"author\" content=\"Equipazo\" \/>\n<meta name=\"twitter:card\" content=\"summary_large_image\" \/>\n<meta name=\"twitter:label1\" content=\"Verfasst von\" \/>\n\t<meta name=\"twitter:data1\" content=\"Equipazo\" \/>\n\t<meta name=\"twitter:label2\" content=\"Gesch\u00e4tzte Lesezeit\" \/>\n\t<meta name=\"twitter:data2\" content=\"3\u00a0Minuten\" \/>\n<script type=\"application\/ld+json\" class=\"yoast-schema-graph\">{\"@context\":\"https:\\\/\\\/schema.org\",\"@graph\":[{\"@type\":\"Article\",\"@id\":\"https:\\\/\\\/hostelaguilas.com\\\/actividades-murcia\\\/gala-anual-federacion-hostels-region-de-murcia\\\/#article\",\"isPartOf\":{\"@id\":\"https:\\\/\\\/hostelaguilas.com\\\/actividades-murcia\\\/gala-anual-federacion-hostels-region-de-murcia\\\/\"},\"author\":{\"name\":\"Equipazo\",\"@id\":\"https:\\\/\\\/hostelaguilas.com\\\/fr\\\/#\\\/schema\\\/person\\\/2a6cf42485b96164269b0a501b3444b2\"},\"headline\":\"GALA ANUAL FEDERACI\u00d3N HOSTELS DE MURCIA\",\"datePublished\":\"2023-04-17T11:30:19+00:00\",\"dateModified\":\"2024-01-10T17:12:27+00:00\",\"mainEntityOfPage\":{\"@id\":\"https:\\\/\\\/hostelaguilas.com\\\/actividades-murcia\\\/gala-anual-federacion-hostels-region-de-murcia\\\/\"},\"wordCount\":131,\"commentCount\":0,\"publisher\":{\"@id\":\"https:\\\/\\\/hostelaguilas.com\\\/fr\\\/#organization\"},\"image\":{\"@id\":\"https:\\\/\\\/hostelaguilas.com\\\/actividades-murcia\\\/gala-anual-federacion-hostels-region-de-murcia\\\/#primaryimage\"},\"thumbnailUrl\":\"https:\\\/\\\/hostelaguilas.com\\\/wp-content\\\/uploads\\\/2023\\\/04\\\/341759908_997432618117726_6096508783265767636_n.jpg\",\"articleSection\":[\"Actividades Murcia\"],\"inLanguage\":\"de\",\"potentialAction\":[{\"@type\":\"CommentAction\",\"name\":\"Comment\",\"target\":[\"https:\\\/\\\/hostelaguilas.com\\\/actividades-murcia\\\/gala-anual-federacion-hostels-region-de-murcia\\\/#respond\"]}]},{\"@type\":\"WebPage\",\"@id\":\"https:\\\/\\\/hostelaguilas.com\\\/actividades-murcia\\\/gala-anual-federacion-hostels-region-de-murcia\\\/\",\"url\":\"https:\\\/\\\/hostelaguilas.com\\\/actividades-murcia\\\/gala-anual-federacion-hostels-region-de-murcia\\\/\",\"name\":\"Gala Anual Federaci\u00f3n Hostels Regi\u00f3n de Murcia - \u00a1INF\u00d3RMATE!\",\"isPartOf\":{\"@id\":\"https:\\\/\\\/hostelaguilas.com\\\/fr\\\/#website\"},\"primaryImageOfPage\":{\"@id\":\"https:\\\/\\\/hostelaguilas.com\\\/actividades-murcia\\\/gala-anual-federacion-hostels-region-de-murcia\\\/#primaryimage\"},\"image\":{\"@id\":\"https:\\\/\\\/hostelaguilas.com\\\/actividades-murcia\\\/gala-anual-federacion-hostels-region-de-murcia\\\/#primaryimage\"},\"thumbnailUrl\":\"https:\\\/\\\/hostelaguilas.com\\\/wp-content\\\/uploads\\\/2023\\\/04\\\/341759908_997432618117726_6096508783265767636_n.jpg\",\"datePublished\":\"2023-04-17T11:30:19+00:00\",\"dateModified\":\"2024-01-10T17:12:27+00:00\",\"description\":\"\u00a1Incre\u00edble noche en la primera gala anual de la Federaci\u00f3n de Hostels de la Regi\u00f3n de Murcia! Fue un honor celebrar junto a todos los miembros de la federaci\u00f3n e invitados al evento esta primera gala y reconocer el trabajo incansable de todos en el sector tur\u00edstico.\",\"breadcrumb\":{\"@id\":\"https:\\\/\\\/hostelaguilas.com\\\/actividades-murcia\\\/gala-anual-federacion-hostels-region-de-murcia\\\/#breadcrumb\"},\"inLanguage\":\"de\",\"potentialAction\":[{\"@type\":\"ReadAction\",\"target\":[\"https:\\\/\\\/hostelaguilas.com\\\/actividades-murcia\\\/gala-anual-federacion-hostels-region-de-murcia\\\/\"]}]},{\"@type\":\"ImageObject\",\"inLanguage\":\"de\",\"@id\":\"https:\\\/\\\/hostelaguilas.com\\\/actividades-murcia\\\/gala-anual-federacion-hostels-region-de-murcia\\\/#primaryimage\",\"url\":\"https:\\\/\\\/hostelaguilas.com\\\/wp-content\\\/uploads\\\/2023\\\/04\\\/341759908_997432618117726_6096508783265767636_n.jpg\",\"contentUrl\":\"https:\\\/\\\/hostelaguilas.com\\\/wp-content\\\/uploads\\\/2023\\\/04\\\/341759908_997432618117726_6096508783265767636_n.jpg\",\"width\":1024,\"height\":576},{\"@type\":\"BreadcrumbList\",\"@id\":\"https:\\\/\\\/hostelaguilas.com\\\/actividades-murcia\\\/gala-anual-federacion-hostels-region-de-murcia\\\/#breadcrumb\",\"itemListElement\":[{\"@type\":\"ListItem\",\"position\":1,\"name\":\"Portada\",\"item\":\"https:\\\/\\\/hostelaguilas.com\\\/\"},{\"@type\":\"ListItem\",\"position\":2,\"name\":\"GALA ANUAL FEDERACI\u00d3N HOSTELS DE MURCIA\"}]},{\"@type\":\"WebSite\",\"@id\":\"https:\\\/\\\/hostelaguilas.com\\\/fr\\\/#website\",\"url\":\"https:\\\/\\\/hostelaguilas.com\\\/fr\\\/\",\"name\":\"HOSTEL \u00c1guilas - ISLA DEL FRAILE - Resort - Alojamiento Grupos\",\"description\":\"Hostel \u00c1GUILAS - Habitaciones en Alquiler con un Servicio de un Hotel de 5 Estrellas\",\"publisher\":{\"@id\":\"https:\\\/\\\/hostelaguilas.com\\\/fr\\\/#organization\"},\"potentialAction\":[{\"@type\":\"SearchAction\",\"target\":{\"@type\":\"EntryPoint\",\"urlTemplate\":\"https:\\\/\\\/hostelaguilas.com\\\/fr\\\/?s={search_term_string}\"},\"query-input\":{\"@type\":\"PropertyValueSpecification\",\"valueRequired\":true,\"valueName\":\"search_term_string\"}}],\"inLanguage\":\"de\"},{\"@type\":\"Organization\",\"@id\":\"https:\\\/\\\/hostelaguilas.com\\\/fr\\\/#organization\",\"name\":\"HOSTEL \u00c1guilas - ISLA DEL FRAILE - Resort - Alojamiento Grupos\",\"url\":\"https:\\\/\\\/hostelaguilas.com\\\/fr\\\/\",\"logo\":{\"@type\":\"ImageObject\",\"inLanguage\":\"de\",\"@id\":\"https:\\\/\\\/hostelaguilas.com\\\/fr\\\/#\\\/schema\\\/logo\\\/image\\\/\",\"url\":\"https:\\\/\\\/hostelaguilas.com\\\/wp-content\\\/uploads\\\/2022\\\/11\\\/hostel-alargado-cabecera-web-.webp\",\"contentUrl\":\"https:\\\/\\\/hostelaguilas.com\\\/wp-content\\\/uploads\\\/2022\\\/11\\\/hostel-alargado-cabecera-web-.webp\",\"width\":350,\"height\":77,\"caption\":\"HOSTEL \u00c1guilas - ISLA DEL FRAILE - Resort - Alojamiento Grupos\"},\"image\":{\"@id\":\"https:\\\/\\\/hostelaguilas.com\\\/fr\\\/#\\\/schema\\\/logo\\\/image\\\/\"}},{\"@type\":\"Person\",\"@id\":\"https:\\\/\\\/hostelaguilas.com\\\/fr\\\/#\\\/schema\\\/person\\\/2a6cf42485b96164269b0a501b3444b2\",\"name\":\"Equipazo\",\"image\":{\"@type\":\"ImageObject\",\"inLanguage\":\"de\",\"@id\":\"https:\\\/\\\/secure.gravatar.com\\\/avatar\\\/39ca97346e3fa2274ccfd12666ee8c3be43e43a398d9061028bc347d3941f96b?s=96&d=mm&r=g\",\"url\":\"https:\\\/\\\/secure.gravatar.com\\\/avatar\\\/39ca97346e3fa2274ccfd12666ee8c3be43e43a398d9061028bc347d3941f96b?s=96&d=mm&r=g\",\"contentUrl\":\"https:\\\/\\\/secure.gravatar.com\\\/avatar\\\/39ca97346e3fa2274ccfd12666ee8c3be43e43a398d9061028bc347d3941f96b?s=96&d=mm&r=g\",\"caption\":\"Equipazo\"},\"sameAs\":[\"https:\\\/\\\/hostelaguilas.com\"],\"url\":\"https:\\\/\\\/hostelaguilas.com\\\/de\\\/author\\\/equipazo\\\/\"}]}<\/script>\n<!-- \/ Yoast SEO Premium plugin. -->","yoast_head_json":{"title":"J\u00e4hrliche Gala des Jugendherbergsverbands der Region Murcia - INFORMIERT EUCH!","description":"Ein gro\u00dfartiger Abend bei der ersten Jahresgala des Jugendherbergsverbands der Region Murcia! Es war eine Ehre, gemeinsam mit allen Mitgliedern des Verbandes und den anwesenden G\u00e4sten diese erste Gala zu feiern und die unerm\u00fcdliche Arbeit aller in der Tourismusbranche zu w\u00fcrdigen.","robots":{"index":"index","follow":"follow","max-snippet":"max-snippet:-1","max-image-preview":"max-image-preview:large","max-video-preview":"max-video-preview:-1"},"canonical":"https:\/\/hostelaguilas.com\/de\/aktivitaten-murcia\/gala-annual-fhrm-2\/","og_locale":"de_DE","og_type":"article","og_title":"GALA ANUAL FEDERACI\u00d3N HOSTELS DE MURCIA","og_description":"\u00a1Incre\u00edble noche en la primera gala anual de la Federaci\u00f3n de Hostels de la Regi\u00f3n de Murcia! Fue un honor celebrar junto a todos los miembros de la federaci\u00f3n e invitados al evento esta primera gala y reconocer el trabajo incansable de todos en el sector tur\u00edstico.","og_url":"https:\/\/hostelaguilas.com\/de\/aktivitaten-murcia\/gala-annual-fhrm-2\/","og_site_name":"HOSTEL \u00c1guilas - ISLA DEL FRAILE - Resort - Alojamiento Grupos","article_published_time":"2023-04-17T11:30:19+00:00","article_modified_time":"2024-01-10T17:12:27+00:00","og_image":[{"width":1024,"height":576,"url":"https:\/\/hostelaguilas.com\/wp-content\/uploads\/2023\/04\/341759908_997432618117726_6096508783265767636_n.jpg","type":"image\/jpeg"}],"author":"Equipazo","twitter_card":"summary_large_image","twitter_misc":{"Verfasst von":"Equipazo","Gesch\u00e4tzte Lesezeit":"3\u00a0Minuten"},"schema":{"@context":"https:\/\/schema.org","@graph":[{"@type":"Article","@id":"https:\/\/hostelaguilas.com\/actividades-murcia\/gala-anual-federacion-hostels-region-de-murcia\/#article","isPartOf":{"@id":"https:\/\/hostelaguilas.com\/actividades-murcia\/gala-anual-federacion-hostels-region-de-murcia\/"},"author":{"name":"Equipazo","@id":"https:\/\/hostelaguilas.com\/fr\/#\/schema\/person\/2a6cf42485b96164269b0a501b3444b2"},"headline":"GALA ANUAL FEDERACI\u00d3N HOSTELS DE MURCIA","datePublished":"2023-04-17T11:30:19+00:00","dateModified":"2024-01-10T17:12:27+00:00","mainEntityOfPage":{"@id":"https:\/\/hostelaguilas.com\/actividades-murcia\/gala-anual-federacion-hostels-region-de-murcia\/"},"wordCount":131,"commentCount":0,"publisher":{"@id":"https:\/\/hostelaguilas.com\/fr\/#organization"},"image":{"@id":"https:\/\/hostelaguilas.com\/actividades-murcia\/gala-anual-federacion-hostels-region-de-murcia\/#primaryimage"},"thumbnailUrl":"https:\/\/hostelaguilas.com\/wp-content\/uploads\/2023\/04\/341759908_997432618117726_6096508783265767636_n.jpg","articleSection":["Actividades Murcia"],"inLanguage":"de","potentialAction":[{"@type":"CommentAction","name":"Comment","target":["https:\/\/hostelaguilas.com\/actividades-murcia\/gala-anual-federacion-hostels-region-de-murcia\/#respond"]}]},{"@type":"WebPage","@id":"https:\/\/hostelaguilas.com\/actividades-murcia\/gala-anual-federacion-hostels-region-de-murcia\/","url":"https:\/\/hostelaguilas.com\/actividades-murcia\/gala-anual-federacion-hostels-region-de-murcia\/","name":"J\u00e4hrliche Gala des Jugendherbergsverbands der Region Murcia - INFORMIERT EUCH!","isPartOf":{"@id":"https:\/\/hostelaguilas.com\/fr\/#website"},"primaryImageOfPage":{"@id":"https:\/\/hostelaguilas.com\/actividades-murcia\/gala-anual-federacion-hostels-region-de-murcia\/#primaryimage"},"image":{"@id":"https:\/\/hostelaguilas.com\/actividades-murcia\/gala-anual-federacion-hostels-region-de-murcia\/#primaryimage"},"thumbnailUrl":"https:\/\/hostelaguilas.com\/wp-content\/uploads\/2023\/04\/341759908_997432618117726_6096508783265767636_n.jpg","datePublished":"2023-04-17T11:30:19+00:00","dateModified":"2024-01-10T17:12:27+00:00","description":"Ein gro\u00dfartiger Abend bei der ersten Jahresgala des Jugendherbergsverbands der Region Murcia! Es war eine Ehre, gemeinsam mit allen Mitgliedern des Verbandes und den anwesenden G\u00e4sten diese erste Gala zu feiern und die unerm\u00fcdliche Arbeit aller in der Tourismusbranche zu w\u00fcrdigen.","breadcrumb":{"@id":"https:\/\/hostelaguilas.com\/actividades-murcia\/gala-anual-federacion-hostels-region-de-murcia\/#breadcrumb"},"inLanguage":"de","potentialAction":[{"@type":"ReadAction","target":["https:\/\/hostelaguilas.com\/actividades-murcia\/gala-anual-federacion-hostels-region-de-murcia\/"]}]},{"@type":"ImageObject","inLanguage":"de","@id":"https:\/\/hostelaguilas.com\/actividades-murcia\/gala-anual-federacion-hostels-region-de-murcia\/#primaryimage","url":"https:\/\/hostelaguilas.com\/wp-content\/uploads\/2023\/04\/341759908_997432618117726_6096508783265767636_n.jpg","contentUrl":"https:\/\/hostelaguilas.com\/wp-content\/uploads\/2023\/04\/341759908_997432618117726_6096508783265767636_n.jpg","width":1024,"height":576},{"@type":"BreadcrumbList","@id":"https:\/\/hostelaguilas.com\/actividades-murcia\/gala-anual-federacion-hostels-region-de-murcia\/#breadcrumb","itemListElement":[{"@type":"ListItem","position":1,"name":"Portada","item":"https:\/\/hostelaguilas.com\/"},{"@type":"ListItem","position":2,"name":"GALA ANUAL FEDERACI\u00d3N HOSTELS DE MURCIA"}]},{"@type":"WebSite","@id":"https:\/\/hostelaguilas.com\/fr\/#website","url":"https:\/\/hostelaguilas.com\/fr\/","name":"HOSTEL \u00c1guilas - ISLA DEL FRAILE - Resort - Unterkunft f\u00fcr Gruppen","description":"Hostel \u00c1GUILAS - Zimmer zur Miete mit 5-Sterne-Hotel-Service","publisher":{"@id":"https:\/\/hostelaguilas.com\/fr\/#organization"},"potentialAction":[{"@type":"SearchAction","target":{"@type":"EntryPoint","urlTemplate":"https:\/\/hostelaguilas.com\/fr\/?s={search_term_string}"},"query-input":{"@type":"PropertyValueSpecification","valueRequired":true,"valueName":"search_term_string"}}],"inLanguage":"de"},{"@type":"Organization","@id":"https:\/\/hostelaguilas.com\/fr\/#organization","name":"HOSTEL \u00c1guilas - ISLA DEL FRAILE - Resort - Unterkunft f\u00fcr Gruppen","url":"https:\/\/hostelaguilas.com\/fr\/","logo":{"@type":"ImageObject","inLanguage":"de","@id":"https:\/\/hostelaguilas.com\/fr\/#\/schema\/logo\/image\/","url":"https:\/\/hostelaguilas.com\/wp-content\/uploads\/2022\/11\/hostel-alargado-cabecera-web-.webp","contentUrl":"https:\/\/hostelaguilas.com\/wp-content\/uploads\/2022\/11\/hostel-alargado-cabecera-web-.webp","width":350,"height":77,"caption":"HOSTEL \u00c1guilas - ISLA DEL FRAILE - Resort - Alojamiento Grupos"},"image":{"@id":"https:\/\/hostelaguilas.com\/fr\/#\/schema\/logo\/image\/"}},{"@type":"Person","@id":"https:\/\/hostelaguilas.com\/fr\/#\/schema\/person\/2a6cf42485b96164269b0a501b3444b2","name":"Team","image":{"@type":"ImageObject","inLanguage":"de","@id":"https:\/\/secure.gravatar.com\/avatar\/39ca97346e3fa2274ccfd12666ee8c3be43e43a398d9061028bc347d3941f96b?s=96&d=mm&r=g","url":"https:\/\/secure.gravatar.com\/avatar\/39ca97346e3fa2274ccfd12666ee8c3be43e43a398d9061028bc347d3941f96b?s=96&d=mm&r=g","contentUrl":"https:\/\/secure.gravatar.com\/avatar\/39ca97346e3fa2274ccfd12666ee8c3be43e43a398d9061028bc347d3941f96b?s=96&d=mm&r=g","caption":"Equipazo"},"sameAs":["https:\/\/hostelaguilas.com"],"url":"https:\/\/hostelaguilas.com\/de\/author\/equipazo\/"}]}},"_links":{"self":[{"href":"https:\/\/hostelaguilas.com\/de\/wp-json\/wp\/v2\/posts\/5002","targetHints":{"allow":["GET"]}}],"collection":[{"href":"https:\/\/hostelaguilas.com\/de\/wp-json\/wp\/v2\/posts"}],"about":[{"href":"https:\/\/hostelaguilas.com\/de\/wp-json\/wp\/v2\/types\/post"}],"author":[{"embeddable":true,"href":"https:\/\/hostelaguilas.com\/de\/wp-json\/wp\/v2\/users\/1"}],"replies":[{"embeddable":true,"href":"https:\/\/hostelaguilas.com\/de\/wp-json\/wp\/v2\/comments?post=5002"}],"version-history":[{"count":0,"href":"https:\/\/hostelaguilas.com\/de\/wp-json\/wp\/v2\/posts\/5002\/revisions"}],"wp:featuredmedia":[{"embeddable":true,"href":"https:\/\/hostelaguilas.com\/de\/wp-json\/wp\/v2\/media\/5004"}],"wp:attachment":[{"href":"https:\/\/hostelaguilas.com\/de\/wp-json\/wp\/v2\/media?parent=5002"}],"wp:term":[{"taxonomy":"category","embeddable":true,"href":"https:\/\/hostelaguilas.com\/de\/wp-json\/wp\/v2\/categories?post=5002"},{"taxonomy":"post_tag","embeddable":true,"href":"https:\/\/hostelaguilas.com\/de\/wp-json\/wp\/v2\/tags?post=5002"}],"curies":[{"name":"wp","href":"https:\/\/api.w.org\/{rel}","templated":true}]}}