{"id":3303,"date":"2021-10-21T22:18:40","date_gmt":"2021-10-21T20:18:40","guid":{"rendered":"https:\/\/hostelaguilas.com\/?p=3303"},"modified":"2024-01-10T16:55:38","modified_gmt":"2024-01-10T15:55:38","slug":"campamento-asociacion-adilor-lorca","status":"publish","type":"post","link":"https:\/\/hostelaguilas.com\/fr\/groupes\/camp-adilor-fr\/","title":{"rendered":"CAMP D'ADILOR"},"content":{"rendered":"","protected":false},"excerpt":{"rendered":"","protected":false},"author":1,"featured_media":3305,"comment_status":"open","ping_status":"closed","sticky":true,"template":"","format":"standard","meta":{"footnotes":""},"categories":[62],"tags":[],"class_list":["post-3303","post","type-post","status-publish","format-standard","has-post-thumbnail","hentry","category-grupos"],"yoast_head":"<!-- This site is optimized with the Yoast SEO Premium plugin v18.1 (Yoast SEO v27.4) - https:\/\/yoast.com\/product\/yoast-seo-premium-wordpress\/ -->\n<title>Campamento Asociaci\u00f3n ADILOR Lorca - Hostel Isla del Fraile<\/title>\n<meta name=\"description\" content=\"Explora el blog del Hostel Isla del Fraile y sum\u00e9rgete en las cr\u00f3nicas del campamento de la Asociaci\u00f3n ADILOR de Lorca. Descubre experiencias inspiradoras, la magia de la Costa C\u00e1lida y la verdadera inclusi\u00f3n en acci\u00f3n. \u00a1Bienvenido a un espacio virtual lleno de historias conmovedoras que capturan la esencia de la colaboraci\u00f3n y la comunidad!\" \/>\n<meta name=\"robots\" content=\"index, follow, max-snippet:-1, max-image-preview:large, max-video-preview:-1\" \/>\n<link rel=\"canonical\" href=\"https:\/\/hostelaguilas.com\/fr\/groupes\/camp-adilor-fr\/\" \/>\n<meta property=\"og:locale\" content=\"fr_FR\" \/>\n<meta property=\"og:type\" content=\"article\" \/>\n<meta property=\"og:title\" content=\"CAMPAMENTO ADILOR\" \/>\n<meta property=\"og:description\" content=\"Explora el blog del Hostel Isla del Fraile y sum\u00e9rgete en las cr\u00f3nicas del campamento de la Asociaci\u00f3n ADILOR de Lorca. Descubre experiencias inspiradoras, la magia de la Costa C\u00e1lida y la verdadera inclusi\u00f3n en acci\u00f3n. \u00a1Bienvenido a un espacio virtual lleno de historias conmovedoras que capturan la esencia de la colaboraci\u00f3n y la comunidad!\" \/>\n<meta property=\"og:url\" content=\"https:\/\/hostelaguilas.com\/fr\/groupes\/camp-adilor-fr\/\" \/>\n<meta property=\"og:site_name\" content=\"HOSTEL \u00c1guilas - ISLA DEL FRAILE - Resort - Alojamiento Grupos\" \/>\n<meta property=\"article:published_time\" content=\"2021-10-21T20:18:40+00:00\" \/>\n<meta property=\"article:modified_time\" content=\"2024-01-10T15:55:38+00:00\" \/>\n<meta property=\"og:image\" content=\"https:\/\/hostelaguilas.com\/wp-content\/uploads\/2022\/12\/image-4-e1704902125579.png\" \/>\n\t<meta property=\"og:image:width\" content=\"619\" \/>\n\t<meta property=\"og:image:height\" content=\"316\" \/>\n\t<meta property=\"og:image:type\" content=\"image\/png\" \/>\n<meta name=\"author\" content=\"Equipazo\" \/>\n<meta name=\"twitter:card\" content=\"summary_large_image\" \/>\n<meta name=\"twitter:label1\" content=\"\u00c9crit par\" \/>\n\t<meta name=\"twitter:data1\" content=\"Equipazo\" \/>\n<script type=\"application\/ld+json\" class=\"yoast-schema-graph\">{\"@context\":\"https:\\\/\\\/schema.org\",\"@graph\":[{\"@type\":\"Article\",\"@id\":\"https:\\\/\\\/hostelaguilas.com\\\/grupos\\\/campamento-asociacion-adilor-lorca\\\/#article\",\"isPartOf\":{\"@id\":\"https:\\\/\\\/hostelaguilas.com\\\/grupos\\\/campamento-asociacion-adilor-lorca\\\/\"},\"author\":{\"name\":\"Equipazo\",\"@id\":\"https:\\\/\\\/hostelaguilas.com\\\/fr\\\/#\\\/schema\\\/person\\\/2a6cf42485b96164269b0a501b3444b2\"},\"headline\":\"CAMPAMENTO ADILOR\",\"datePublished\":\"2021-10-21T20:18:40+00:00\",\"dateModified\":\"2024-01-10T15:55:38+00:00\",\"mainEntityOfPage\":{\"@id\":\"https:\\\/\\\/hostelaguilas.com\\\/grupos\\\/campamento-asociacion-adilor-lorca\\\/\"},\"wordCount\":2,\"commentCount\":0,\"publisher\":{\"@id\":\"https:\\\/\\\/hostelaguilas.com\\\/fr\\\/#organization\"},\"image\":{\"@id\":\"https:\\\/\\\/hostelaguilas.com\\\/grupos\\\/campamento-asociacion-adilor-lorca\\\/#primaryimage\"},\"thumbnailUrl\":\"https:\\\/\\\/hostelaguilas.com\\\/wp-content\\\/uploads\\\/2022\\\/12\\\/image-4-e1704902523568.png\",\"articleSection\":[\"Grupos\"],\"inLanguage\":\"fr-FR\",\"potentialAction\":[{\"@type\":\"CommentAction\",\"name\":\"Comment\",\"target\":[\"https:\\\/\\\/hostelaguilas.com\\\/grupos\\\/campamento-asociacion-adilor-lorca\\\/#respond\"]}]},{\"@type\":\"WebPage\",\"@id\":\"https:\\\/\\\/hostelaguilas.com\\\/grupos\\\/campamento-asociacion-adilor-lorca\\\/\",\"url\":\"https:\\\/\\\/hostelaguilas.com\\\/grupos\\\/campamento-asociacion-adilor-lorca\\\/\",\"name\":\"Campamento Asociaci\u00f3n ADILOR Lorca - Hostel Isla del Fraile\",\"isPartOf\":{\"@id\":\"https:\\\/\\\/hostelaguilas.com\\\/fr\\\/#website\"},\"primaryImageOfPage\":{\"@id\":\"https:\\\/\\\/hostelaguilas.com\\\/grupos\\\/campamento-asociacion-adilor-lorca\\\/#primaryimage\"},\"image\":{\"@id\":\"https:\\\/\\\/hostelaguilas.com\\\/grupos\\\/campamento-asociacion-adilor-lorca\\\/#primaryimage\"},\"thumbnailUrl\":\"https:\\\/\\\/hostelaguilas.com\\\/wp-content\\\/uploads\\\/2022\\\/12\\\/image-4-e1704902523568.png\",\"datePublished\":\"2021-10-21T20:18:40+00:00\",\"dateModified\":\"2024-01-10T15:55:38+00:00\",\"description\":\"Explora el blog del Hostel Isla del Fraile y sum\u00e9rgete en las cr\u00f3nicas del campamento de la Asociaci\u00f3n ADILOR de Lorca. Descubre experiencias inspiradoras, la magia de la Costa C\u00e1lida y la verdadera inclusi\u00f3n en acci\u00f3n. \u00a1Bienvenido a un espacio virtual lleno de historias conmovedoras que capturan la esencia de la colaboraci\u00f3n y la comunidad!\",\"breadcrumb\":{\"@id\":\"https:\\\/\\\/hostelaguilas.com\\\/grupos\\\/campamento-asociacion-adilor-lorca\\\/#breadcrumb\"},\"inLanguage\":\"fr-FR\",\"potentialAction\":[{\"@type\":\"ReadAction\",\"target\":[\"https:\\\/\\\/hostelaguilas.com\\\/grupos\\\/campamento-asociacion-adilor-lorca\\\/\"]}]},{\"@type\":\"ImageObject\",\"inLanguage\":\"fr-FR\",\"@id\":\"https:\\\/\\\/hostelaguilas.com\\\/grupos\\\/campamento-asociacion-adilor-lorca\\\/#primaryimage\",\"url\":\"https:\\\/\\\/hostelaguilas.com\\\/wp-content\\\/uploads\\\/2022\\\/12\\\/image-4-e1704902523568.png\",\"contentUrl\":\"https:\\\/\\\/hostelaguilas.com\\\/wp-content\\\/uploads\\\/2022\\\/12\\\/image-4-e1704902523568.png\",\"width\":619,\"height\":310},{\"@type\":\"BreadcrumbList\",\"@id\":\"https:\\\/\\\/hostelaguilas.com\\\/grupos\\\/campamento-asociacion-adilor-lorca\\\/#breadcrumb\",\"itemListElement\":[{\"@type\":\"ListItem\",\"position\":1,\"name\":\"Portada\",\"item\":\"https:\\\/\\\/hostelaguilas.com\\\/\"},{\"@type\":\"ListItem\",\"position\":2,\"name\":\"CAMPAMENTO ADILOR\"}]},{\"@type\":\"WebSite\",\"@id\":\"https:\\\/\\\/hostelaguilas.com\\\/fr\\\/#website\",\"url\":\"https:\\\/\\\/hostelaguilas.com\\\/fr\\\/\",\"name\":\"HOSTEL \u00c1guilas - ISLA DEL FRAILE - Resort - Alojamiento Grupos\",\"description\":\"Hostel \u00c1GUILAS - Habitaciones en Alquiler con un Servicio de un Hotel de 5 Estrellas\",\"publisher\":{\"@id\":\"https:\\\/\\\/hostelaguilas.com\\\/fr\\\/#organization\"},\"potentialAction\":[{\"@type\":\"SearchAction\",\"target\":{\"@type\":\"EntryPoint\",\"urlTemplate\":\"https:\\\/\\\/hostelaguilas.com\\\/fr\\\/?s={search_term_string}\"},\"query-input\":{\"@type\":\"PropertyValueSpecification\",\"valueRequired\":true,\"valueName\":\"search_term_string\"}}],\"inLanguage\":\"fr-FR\"},{\"@type\":\"Organization\",\"@id\":\"https:\\\/\\\/hostelaguilas.com\\\/fr\\\/#organization\",\"name\":\"HOSTEL \u00c1guilas - ISLA DEL FRAILE - Resort - Alojamiento Grupos\",\"url\":\"https:\\\/\\\/hostelaguilas.com\\\/fr\\\/\",\"logo\":{\"@type\":\"ImageObject\",\"inLanguage\":\"fr-FR\",\"@id\":\"https:\\\/\\\/hostelaguilas.com\\\/fr\\\/#\\\/schema\\\/logo\\\/image\\\/\",\"url\":\"https:\\\/\\\/hostelaguilas.com\\\/wp-content\\\/uploads\\\/2022\\\/11\\\/hostel-alargado-cabecera-web-.webp\",\"contentUrl\":\"https:\\\/\\\/hostelaguilas.com\\\/wp-content\\\/uploads\\\/2022\\\/11\\\/hostel-alargado-cabecera-web-.webp\",\"width\":350,\"height\":77,\"caption\":\"HOSTEL \u00c1guilas - ISLA DEL FRAILE - Resort - Alojamiento Grupos\"},\"image\":{\"@id\":\"https:\\\/\\\/hostelaguilas.com\\\/fr\\\/#\\\/schema\\\/logo\\\/image\\\/\"}},{\"@type\":\"Person\",\"@id\":\"https:\\\/\\\/hostelaguilas.com\\\/fr\\\/#\\\/schema\\\/person\\\/2a6cf42485b96164269b0a501b3444b2\",\"name\":\"Equipazo\",\"image\":{\"@type\":\"ImageObject\",\"inLanguage\":\"fr-FR\",\"@id\":\"https:\\\/\\\/secure.gravatar.com\\\/avatar\\\/39ca97346e3fa2274ccfd12666ee8c3be43e43a398d9061028bc347d3941f96b?s=96&d=mm&r=g\",\"url\":\"https:\\\/\\\/secure.gravatar.com\\\/avatar\\\/39ca97346e3fa2274ccfd12666ee8c3be43e43a398d9061028bc347d3941f96b?s=96&d=mm&r=g\",\"contentUrl\":\"https:\\\/\\\/secure.gravatar.com\\\/avatar\\\/39ca97346e3fa2274ccfd12666ee8c3be43e43a398d9061028bc347d3941f96b?s=96&d=mm&r=g\",\"caption\":\"Equipazo\"},\"sameAs\":[\"https:\\\/\\\/hostelaguilas.com\"],\"url\":\"https:\\\/\\\/hostelaguilas.com\\\/fr\\\/author\\\/equipazo\\\/\"}]}<\/script>\n<!-- \/ Yoast SEO Premium plugin. -->","yoast_head_json":{"title":"Camp de l'association Lorca ADILOR - Auberge Isla del Fraile","description":"Explore le blog de l'auberge Isla del Fraile et plonge dans les chroniques du camp de Lorca de l'association ADILOR. D\u00e9couvre des exp\u00e9riences inspirantes, la magie de la Costa C\u00e1lida et la v\u00e9ritable inclusion en action - bienvenue dans un espace virtuel rempli d'histoires \u00e9mouvantes qui capturent l'essence de la collaboration et de la communaut\u00e9 !","robots":{"index":"index","follow":"follow","max-snippet":"max-snippet:-1","max-image-preview":"max-image-preview:large","max-video-preview":"max-video-preview:-1"},"canonical":"https:\/\/hostelaguilas.com\/fr\/groupes\/camp-adilor-fr\/","og_locale":"fr_FR","og_type":"article","og_title":"CAMPAMENTO ADILOR","og_description":"Explora el blog del Hostel Isla del Fraile y sum\u00e9rgete en las cr\u00f3nicas del campamento de la Asociaci\u00f3n ADILOR de Lorca. Descubre experiencias inspiradoras, la magia de la Costa C\u00e1lida y la verdadera inclusi\u00f3n en acci\u00f3n. \u00a1Bienvenido a un espacio virtual lleno de historias conmovedoras que capturan la esencia de la colaboraci\u00f3n y la comunidad!","og_url":"https:\/\/hostelaguilas.com\/fr\/groupes\/camp-adilor-fr\/","og_site_name":"HOSTEL \u00c1guilas - ISLA DEL FRAILE - Resort - Alojamiento Grupos","article_published_time":"2021-10-21T20:18:40+00:00","article_modified_time":"2024-01-10T15:55:38+00:00","og_image":[{"width":619,"height":316,"url":"https:\/\/hostelaguilas.com\/wp-content\/uploads\/2022\/12\/image-4-e1704902125579.png","type":"image\/png"}],"author":"Equipazo","twitter_card":"summary_large_image","twitter_misc":{"\u00c9crit par":"Equipazo"},"schema":{"@context":"https:\/\/schema.org","@graph":[{"@type":"Article","@id":"https:\/\/hostelaguilas.com\/grupos\/campamento-asociacion-adilor-lorca\/#article","isPartOf":{"@id":"https:\/\/hostelaguilas.com\/grupos\/campamento-asociacion-adilor-lorca\/"},"author":{"name":"Equipazo","@id":"https:\/\/hostelaguilas.com\/fr\/#\/schema\/person\/2a6cf42485b96164269b0a501b3444b2"},"headline":"CAMPAMENTO ADILOR","datePublished":"2021-10-21T20:18:40+00:00","dateModified":"2024-01-10T15:55:38+00:00","mainEntityOfPage":{"@id":"https:\/\/hostelaguilas.com\/grupos\/campamento-asociacion-adilor-lorca\/"},"wordCount":2,"commentCount":0,"publisher":{"@id":"https:\/\/hostelaguilas.com\/fr\/#organization"},"image":{"@id":"https:\/\/hostelaguilas.com\/grupos\/campamento-asociacion-adilor-lorca\/#primaryimage"},"thumbnailUrl":"https:\/\/hostelaguilas.com\/wp-content\/uploads\/2022\/12\/image-4-e1704902523568.png","articleSection":["Grupos"],"inLanguage":"fr-FR","potentialAction":[{"@type":"CommentAction","name":"Comment","target":["https:\/\/hostelaguilas.com\/grupos\/campamento-asociacion-adilor-lorca\/#respond"]}]},{"@type":"WebPage","@id":"https:\/\/hostelaguilas.com\/grupos\/campamento-asociacion-adilor-lorca\/","url":"https:\/\/hostelaguilas.com\/grupos\/campamento-asociacion-adilor-lorca\/","name":"Camp de l'association Lorca ADILOR - Auberge Isla del Fraile","isPartOf":{"@id":"https:\/\/hostelaguilas.com\/fr\/#website"},"primaryImageOfPage":{"@id":"https:\/\/hostelaguilas.com\/grupos\/campamento-asociacion-adilor-lorca\/#primaryimage"},"image":{"@id":"https:\/\/hostelaguilas.com\/grupos\/campamento-asociacion-adilor-lorca\/#primaryimage"},"thumbnailUrl":"https:\/\/hostelaguilas.com\/wp-content\/uploads\/2022\/12\/image-4-e1704902523568.png","datePublished":"2021-10-21T20:18:40+00:00","dateModified":"2024-01-10T15:55:38+00:00","description":"Explore le blog de l'auberge Isla del Fraile et plonge dans les chroniques du camp de Lorca de l'association ADILOR. D\u00e9couvre des exp\u00e9riences inspirantes, la magie de la Costa C\u00e1lida et la v\u00e9ritable inclusion en action - bienvenue dans un espace virtuel rempli d'histoires \u00e9mouvantes qui capturent l'essence de la collaboration et de la communaut\u00e9 !","breadcrumb":{"@id":"https:\/\/hostelaguilas.com\/grupos\/campamento-asociacion-adilor-lorca\/#breadcrumb"},"inLanguage":"fr-FR","potentialAction":[{"@type":"ReadAction","target":["https:\/\/hostelaguilas.com\/grupos\/campamento-asociacion-adilor-lorca\/"]}]},{"@type":"ImageObject","inLanguage":"fr-FR","@id":"https:\/\/hostelaguilas.com\/grupos\/campamento-asociacion-adilor-lorca\/#primaryimage","url":"https:\/\/hostelaguilas.com\/wp-content\/uploads\/2022\/12\/image-4-e1704902523568.png","contentUrl":"https:\/\/hostelaguilas.com\/wp-content\/uploads\/2022\/12\/image-4-e1704902523568.png","width":619,"height":310},{"@type":"BreadcrumbList","@id":"https:\/\/hostelaguilas.com\/grupos\/campamento-asociacion-adilor-lorca\/#breadcrumb","itemListElement":[{"@type":"ListItem","position":1,"name":"Portada","item":"https:\/\/hostelaguilas.com\/"},{"@type":"ListItem","position":2,"name":"CAMPAMENTO ADILOR"}]},{"@type":"WebSite","@id":"https:\/\/hostelaguilas.com\/fr\/#website","url":"https:\/\/hostelaguilas.com\/fr\/","name":"HOSTEL \u00c1guilas - ISLA DEL FRAILE - Resort - H\u00e9bergement pour groupes","description":"Hostel \u00c1GUILAS - Chambres \u00e0 louer avec un service d'h\u00f4tel 5 \u00e9toiles","publisher":{"@id":"https:\/\/hostelaguilas.com\/fr\/#organization"},"potentialAction":[{"@type":"SearchAction","target":{"@type":"EntryPoint","urlTemplate":"https:\/\/hostelaguilas.com\/fr\/?s={search_term_string}"},"query-input":{"@type":"PropertyValueSpecification","valueRequired":true,"valueName":"search_term_string"}}],"inLanguage":"fr-FR"},{"@type":"Organization","@id":"https:\/\/hostelaguilas.com\/fr\/#organization","name":"HOSTEL \u00c1guilas - ISLA DEL FRAILE - Resort - H\u00e9bergement pour groupes","url":"https:\/\/hostelaguilas.com\/fr\/","logo":{"@type":"ImageObject","inLanguage":"fr-FR","@id":"https:\/\/hostelaguilas.com\/fr\/#\/schema\/logo\/image\/","url":"https:\/\/hostelaguilas.com\/wp-content\/uploads\/2022\/11\/hostel-alargado-cabecera-web-.webp","contentUrl":"https:\/\/hostelaguilas.com\/wp-content\/uploads\/2022\/11\/hostel-alargado-cabecera-web-.webp","width":350,"height":77,"caption":"HOSTEL \u00c1guilas - ISLA DEL FRAILE - Resort - Alojamiento Grupos"},"image":{"@id":"https:\/\/hostelaguilas.com\/fr\/#\/schema\/logo\/image\/"}},{"@type":"Person","@id":"https:\/\/hostelaguilas.com\/fr\/#\/schema\/person\/2a6cf42485b96164269b0a501b3444b2","name":"\u00c9quipe","image":{"@type":"ImageObject","inLanguage":"fr-FR","@id":"https:\/\/secure.gravatar.com\/avatar\/39ca97346e3fa2274ccfd12666ee8c3be43e43a398d9061028bc347d3941f96b?s=96&d=mm&r=g","url":"https:\/\/secure.gravatar.com\/avatar\/39ca97346e3fa2274ccfd12666ee8c3be43e43a398d9061028bc347d3941f96b?s=96&d=mm&r=g","contentUrl":"https:\/\/secure.gravatar.com\/avatar\/39ca97346e3fa2274ccfd12666ee8c3be43e43a398d9061028bc347d3941f96b?s=96&d=mm&r=g","caption":"Equipazo"},"sameAs":["https:\/\/hostelaguilas.com"],"url":"https:\/\/hostelaguilas.com\/fr\/author\/equipazo\/"}]}},"_links":{"self":[{"href":"https:\/\/hostelaguilas.com\/fr\/wp-json\/wp\/v2\/posts\/3303","targetHints":{"allow":["GET"]}}],"collection":[{"href":"https:\/\/hostelaguilas.com\/fr\/wp-json\/wp\/v2\/posts"}],"about":[{"href":"https:\/\/hostelaguilas.com\/fr\/wp-json\/wp\/v2\/types\/post"}],"author":[{"embeddable":true,"href":"https:\/\/hostelaguilas.com\/fr\/wp-json\/wp\/v2\/users\/1"}],"replies":[{"embeddable":true,"href":"https:\/\/hostelaguilas.com\/fr\/wp-json\/wp\/v2\/comments?post=3303"}],"version-history":[{"count":0,"href":"https:\/\/hostelaguilas.com\/fr\/wp-json\/wp\/v2\/posts\/3303\/revisions"}],"wp:featuredmedia":[{"embeddable":true,"href":"https:\/\/hostelaguilas.com\/fr\/wp-json\/wp\/v2\/media\/3305"}],"wp:attachment":[{"href":"https:\/\/hostelaguilas.com\/fr\/wp-json\/wp\/v2\/media?parent=3303"}],"wp:term":[{"taxonomy":"category","embeddable":true,"href":"https:\/\/hostelaguilas.com\/fr\/wp-json\/wp\/v2\/categories?post=3303"},{"taxonomy":"post_tag","embeddable":true,"href":"https:\/\/hostelaguilas.com\/fr\/wp-json\/wp\/v2\/tags?post=3303"}],"curies":[{"name":"wp","href":"https:\/\/api.w.org\/{rel}","templated":true}]}}